{"id":10299,"date":"2012-09-04T00:00:00","date_gmt":"2012-09-04T00:00:00","guid":{"rendered":"http:\/\/temp.imk.server7.on24.nl\/2012\/09\/04\/architectenbureaus-blijven-het-slechter-doen-dan-de-ingenieursbureaus\/"},"modified":"2012-09-04T00:00:00","modified_gmt":"2012-09-04T00:00:00","slug":"architectenbureaus-blijven-het-slechter-doen-dan-de-ingenieursbureaus","status":"publish","type":"post","link":"https:\/\/imk.nl\/archief\/architectenbureaus-blijven-het-slechter-doen-dan-de-ingenieursbureaus\/","title":{"rendered":"Architectenbureaus blijven het slechter doen dan de ingenieursbureaus"},"content":{"rendered":"<p>Per saldo verwacht een meerderheid een daling van de omzet, een vrijwel gelijkblijvende werkgelegenheid en een afname van de prijzen die aan afnemers in rekening worden gebracht. <\/p>\n<p><strong>Omzetdaling dertien kwartalen op rij<\/strong><br \/> Er is geen vooruitgang zichtbaar bij de architecten- en ingenieursbureaus. In het tweede kwartaal van 2012 liet de branche een omzetdaling zien van 2,8 procent ten opzichte van dezelfde periode een jaar eerder. Ter vergelijking steeg de omzet van de Zakelijke dienstverlening als geheel juist met 1,3 procent. <\/p>\n<p><strong>Economische crisis nog steeds duidelijk merkbaar<\/strong><br \/> Al vanaf 2009 zijn de gevolgen van de economische crisis duidelijk merkbaar voor de ondernemers in de branche van de architecten- en ingenieursbureaus. De branche presteert beduidend slechter dan de zakelijke dienstverlening als geheel. Vooral de architecten hebben het zwaar te verduren. De architecten lieten het eerste halfjaar van 2012 een omzetdaling zien van 10 procent ten opzichte van het eerste halfjaar van 2011. Bij de ingenieurs nam de omzet in het eerste halfjaar met 2,9 procent af ten opzichte van een jaar eerder. <\/p>\n<p><strong>Economisch klimaat verder verslechterd<\/strong><br \/> Uit de conjunctuurenqu\u00eate van juli 2012 blijkt dat ruim \u00e9\u00e9n op de acht ondernemers in de branche van de Architecten-, ingenieursbureaus e.d. een verslechtering van het economisch klimaat in het tweede kwartaal ervaarde. Een kwartaal eerder was het aantal ondernemers dat een verslechtering in het eerste kwartaal ervaarde per saldo een stuk hoger. Voor het derde kwartaal zijn de verwachtingen over de ontwikkeling van het economisch klimaat per saldo negatief. Het aantal negatief gestemden is, met per saldo 15 procent, lager dan een kwartaal eerder toen 22 procent een verslechtering voorzag. <\/p>\n<p><strong>Afname omzetverwachting en daling prijzen<\/strong><br \/> Voor het derde kwartaal van 2012 voorziet per saldo 8 procent van de ondernemers in de branche van de Architecten-, ingenieursbureaus e.d. een omzetdaling. Een kwartaal eerder werd nog op een omzetstijging gerekend. Verder verwacht per saldo \u00e9\u00e9n op de tien ondernemers een prijsdaling. De verwachtingen voor de omzet en prijzen in deze branche zijn negatiever dan die in de totale zakelijke dienstverlening. Voor wat betreft de werkgelegenheid verwachten de architecten en ingenieurs nauwelijks verandering in het derde kwartaal terwijl het merendeel van de zakelijke dienstverlening als geheel een krimp voorziet. Bron: CBS<\/p>\n","protected":false},"excerpt":{"rendered":"<p>Per saldo verwacht een meerderheid een daling van de omzet, een vrijwel gelijkblijvende werkgelegenheid en een afname van de prijzen  &#8230;<\/p>\n","protected":false},"author":5,"featured_media":0,"comment_status":"closed","ping_status":"open","sticky":false,"template":"","format":"standard","meta":{"footnotes":""},"categories":[7,8,5],"tags":[22],"class_list":["post-10299","post","type-post","status-publish","format-standard","hentry","category-mobiliteitscentra","category-ondernemers","category-publiek","tag-dienstverlening"],"_links":{"self":[{"href":"https:\/\/imk.nl\/archief\/wp-json\/wp\/v2\/posts\/10299","targetHints":{"allow":["GET"]}}],"collection":[{"href":"https:\/\/imk.nl\/archief\/wp-json\/wp\/v2\/posts"}],"about":[{"href":"https:\/\/imk.nl\/archief\/wp-json\/wp\/v2\/types\/post"}],"author":[{"embeddable":true,"href":"https:\/\/imk.nl\/archief\/wp-json\/wp\/v2\/users\/5"}],"replies":[{"embeddable":true,"href":"https:\/\/imk.nl\/archief\/wp-json\/wp\/v2\/comments?post=10299"}],"version-history":[{"count":0,"href":"https:\/\/imk.nl\/archief\/wp-json\/wp\/v2\/posts\/10299\/revisions"}],"wp:attachment":[{"href":"https:\/\/imk.nl\/archief\/wp-json\/wp\/v2\/media?parent=10299"}],"wp:term":[{"taxonomy":"category","embeddable":true,"href":"https:\/\/imk.nl\/archief\/wp-json\/wp\/v2\/categories?post=10299"},{"taxonomy":"post_tag","embeddable":true,"href":"https:\/\/imk.nl\/archief\/wp-json\/wp\/v2\/tags?post=10299"}],"curies":[{"name":"wp","href":"https:\/\/api.w.org\/{rel}","templated":true}]}}